{"id":5077,"date":"2025-04-04T11:56:46","date_gmt":"2025-04-04T09:56:46","guid":{"rendered":"https:\/\/www.fundacioared.org\/?p=5077"},"modified":"2025-04-07T11:42:33","modified_gmt":"2025-04-07T09:42:33","slug":"impacto-y-transparencia-nuestro-compromiso","status":"publish","type":"post","link":"https:\/\/www.fundacioared.org\/es\/impacto-y-transparencia-nuestro-compromiso\/","title":{"rendered":"Impacto y transparencia, nuestro compromiso"},"content":{"rendered":"\n<p class=\"has-text-align-center is-style-com_titular_3\"><strong>Impacto y transparencia, nuestro compromiso<\/strong><\/p>\n\n\n\n<div style=\"height:29px\" aria-hidden=\"true\" class=\"wp-block-spacer\"><\/div>\n\n\n\n<figure class=\"wp-block-gallery has-nested-images columns-default is-cropped wp-block-gallery-1 is-layout-flex wp-block-gallery-is-layout-flex\">\n<figure class=\"wp-block-image size-large\"><img loading=\"lazy\" decoding=\"async\" width=\"1024\" height=\"724\" data-id=\"5082\" src=\"https:\/\/www.fundacioared.org\/wp-content\/uploads\/3-1-1024x724.jpg\" alt=\"\" class=\"wp-image-5082\" srcset=\"https:\/\/www.fundacioared.org\/wp-content\/uploads\/3-1-1024x724.jpg 1024w, https:\/\/www.fundacioared.org\/wp-content\/uploads\/3-1-300x212.jpg 300w, https:\/\/www.fundacioared.org\/wp-content\/uploads\/3-1-768x543.jpg 768w, https:\/\/www.fundacioared.org\/wp-content\/uploads\/3-1-1536x1086.jpg 1536w, https:\/\/www.fundacioared.org\/wp-content\/uploads\/3-1-340x240.jpg 340w, https:\/\/www.fundacioared.org\/wp-content\/uploads\/3-1-140x99.jpg 140w, https:\/\/www.fundacioared.org\/wp-content\/uploads\/3-1.jpg 2000w\" sizes=\"auto, (max-width: 1024px) 100vw, 1024px\" \/><\/figure>\n\n\n\n<figure class=\"wp-block-image size-large\"><img loading=\"lazy\" decoding=\"async\" width=\"1024\" height=\"724\" data-id=\"5084\" src=\"https:\/\/www.fundacioared.org\/wp-content\/uploads\/5-2-1024x724.jpg\" alt=\"\" class=\"wp-image-5084\" srcset=\"https:\/\/www.fundacioared.org\/wp-content\/uploads\/5-2-1024x724.jpg 1024w, https:\/\/www.fundacioared.org\/wp-content\/uploads\/5-2-300x212.jpg 300w, https:\/\/www.fundacioared.org\/wp-content\/uploads\/5-2-768x543.jpg 768w, https:\/\/www.fundacioared.org\/wp-content\/uploads\/5-2-1536x1086.jpg 1536w, https:\/\/www.fundacioared.org\/wp-content\/uploads\/5-2-340x240.jpg 340w, https:\/\/www.fundacioared.org\/wp-content\/uploads\/5-2-140x99.jpg 140w, https:\/\/www.fundacioared.org\/wp-content\/uploads\/5-2.jpg 2000w\" sizes=\"auto, (max-width: 1024px) 100vw, 1024px\" \/><\/figure>\n<\/figure>\n\n\n\n<div style=\"height:37px\" aria-hidden=\"true\" class=\"wp-block-spacer\"><\/div>\n\n\n\n<p>Esta semana, en el marco de la <strong>jornada &#8216;Impacto y Transparencia&#8217;<\/strong> que hemos celebrado en la ESCI-UPF, hemos presentado los <strong>resultados del estudio del Valor Social Integrado (VSI) de la Fundaci\u00f3n Ared<\/strong>, poniendo en valor en t\u00e9rminos monetarios el impacto que que nuestra labor tiene en la sociedad. <\/p>\n\n\n\n<div class=\"wp-block-group is-nowrap is-layout-flex wp-container-core-group-is-layout-ad2f72ca wp-block-group-is-layout-flex\">\n<p>Mediante esta metodolog\u00eda, aplicada a trav\u00e9s de un estudio liderado por Valentina Mu\u00f1oz y dirigido por la directora acad\u00e9mica de la C\u00e1tedra de RSC de <a href=\"https:\/\/www.linkedin.com\/company\/esciupf\/\" target=\"_blank\" rel=\"noopener\">ESCI-UPF<\/a>, <a href=\"https:\/\/www.linkedin.com\/in\/ACoAABcmUtgBdQjXw3dGCiRRX-FTb6vwFrwe1vA\" target=\"_blank\" rel=\"noopener\"><\/a><a href=\"https:\/\/www.linkedin.com\/in\/silviaayusosiart\/\" target=\"_blank\" rel=\"noopener\">Silvia Ayuso Siart<\/a>, hemos reafirmado p\u00fablicamente nuestro compromiso con la transparencia y la rendici\u00f3n de cuentas.<br><br>Asimismo, hemos aprovechado la ocasi\u00f3n para reflexionar sobre la importancia de la transparencia en el sector social contando con la perspectiva de diferentes representantes de nuestros grupos de inter\u00e9s que han participado en el coloquio <strong>\u00abLa transparencia en acci\u00f3n\u00bb<\/strong>, moderado por nuestra presidenta, Judit Masc\u00f3. Hemos contado con las intervenciones de <a href=\"https:\/\/www.linkedin.com\/in\/ACoAAAP8hqgBRa07xX6BPE3QYyIK8zloDHTIMBs\" target=\"_blank\" rel=\"noopener\"><\/a><a href=\"https:\/\/www.linkedin.com\/in\/sonia-fuertes-4884941a\/\" target=\"_blank\" rel=\"noopener\">Sonia Fuertes<\/a>, comisionada de Acci\u00f3 Social del Ajuntament de Barcelona; <a href=\"https:\/\/www.linkedin.com\/in\/ACoAAAK8y4sBlccRHVuupUmsYTEPTG9Q2Kpk8s4\" target=\"_blank\" rel=\"noopener\"><\/a><a href=\"https:\/\/www.linkedin.com\/in\/doriscasares\/\" target=\"_blank\" rel=\"noopener\">Doris Casares<\/a>, directora de Comunicaci\u00f3n y Asuntos Corporativos de MANGO; y <a href=\"https:\/\/www.linkedin.com\/in\/ACoAAB0xqrUBu1gj8gv4sDeJDmC39tPI83LFllY\" target=\"_blank\" rel=\"noopener\"><\/a><a href=\"https:\/\/www.linkedin.com\/in\/salvador-busquets-899045118\/\" target=\"_blank\" rel=\"noopener\">Salvador Busquets<\/a>, presidente de C\u00e1ritas Catalunya, quienes han puesto en relevancia que ser transparentes es cuesti\u00f3n de \u00e9tica pero que se necesitan pol\u00edticas facilitadoras, aunque siempre habr\u00e1 cuestiones emotivas en las que influimos que dif\u00edcilmente se pueden llegar a cuantificar econ\u00f3micamente.<br><br>\u00a1Gracias a todas las personas que nos hab\u00e9is acompa\u00f1ado en esta jornada y a ESCI-UPF por acogernos en su auditorio! <\/p>\n<\/div>\n\n\n\n<div style=\"height:41px\" aria-hidden=\"true\" class=\"wp-block-spacer\"><\/div>\n\n\n\n<p class=\"is-style-com_titular_5\">En Fundaci\u00f3 Ared <strong>seguimos trabajando para generar un impacto social real y medible<\/strong>, con la mirada puesta en una sociedad m\u00e1s justa e inclusiva.<\/p>\n\n\n\n<figure class=\"wp-block-gallery has-nested-images columns-default is-cropped wp-block-gallery-2 is-layout-flex wp-block-gallery-is-layout-flex\">\n<figure class=\"wp-block-image size-large\"><img loading=\"lazy\" decoding=\"async\" width=\"1024\" height=\"724\" data-id=\"5093\" src=\"https:\/\/www.fundacioared.org\/wp-content\/uploads\/4-1-1024x724.jpg\" alt=\"\" class=\"wp-image-5093\" srcset=\"https:\/\/www.fundacioared.org\/wp-content\/uploads\/4-1-1024x724.jpg 1024w, https:\/\/www.fundacioared.org\/wp-content\/uploads\/4-1-300x212.jpg 300w, https:\/\/www.fundacioared.org\/wp-content\/uploads\/4-1-768x543.jpg 768w, https:\/\/www.fundacioared.org\/wp-content\/uploads\/4-1-1536x1086.jpg 1536w, https:\/\/www.fundacioared.org\/wp-content\/uploads\/4-1-340x240.jpg 340w, https:\/\/www.fundacioared.org\/wp-content\/uploads\/4-1-140x99.jpg 140w, https:\/\/www.fundacioared.org\/wp-content\/uploads\/4-1.jpg 2000w\" sizes=\"auto, (max-width: 1024px) 100vw, 1024px\" \/><\/figure>\n\n\n\n<figure class=\"wp-block-image size-large\"><img loading=\"lazy\" decoding=\"async\" width=\"1024\" height=\"724\" data-id=\"5091\" src=\"https:\/\/www.fundacioared.org\/wp-content\/uploads\/11-1-1024x724.jpg\" alt=\"\" class=\"wp-image-5091\" srcset=\"https:\/\/www.fundacioared.org\/wp-content\/uploads\/11-1-1024x724.jpg 1024w, https:\/\/www.fundacioared.org\/wp-content\/uploads\/11-1-300x212.jpg 300w, https:\/\/www.fundacioared.org\/wp-content\/uploads\/11-1-768x543.jpg 768w, https:\/\/www.fundacioared.org\/wp-content\/uploads\/11-1-1536x1086.jpg 1536w, https:\/\/www.fundacioared.org\/wp-content\/uploads\/11-1-340x240.jpg 340w, https:\/\/www.fundacioared.org\/wp-content\/uploads\/11-1-140x99.jpg 140w, https:\/\/www.fundacioared.org\/wp-content\/uploads\/11-1.jpg 2000w\" sizes=\"auto, (max-width: 1024px) 100vw, 1024px\" \/><\/figure>\n<\/figure>\n\n\n\n<div style=\"height:47px\" aria-hidden=\"true\" class=\"wp-block-spacer\"><\/div>\n\n\n\n<div class=\"wp-block-columns is-layout-flex wp-container-core-columns-is-layout-9d6595d7 wp-block-columns-is-layout-flex\">\n<div class=\"wp-block-column is-layout-flow wp-block-column-is-layout-flow\">\n<figure class=\"wp-block-image aligncenter size-full is-resized\"><img loading=\"lazy\" decoding=\"async\" width=\"1080\" height=\"1080\" src=\"https:\/\/www.fundacioared.org\/wp-content\/uploads\/4-1.png\" alt=\"\" class=\"wp-image-5098\" style=\"width:80px;height:auto\" srcset=\"https:\/\/www.fundacioared.org\/wp-content\/uploads\/4-1.png 1080w, https:\/\/www.fundacioared.org\/wp-content\/uploads\/4-1-300x300.png 300w, https:\/\/www.fundacioared.org\/wp-content\/uploads\/4-1-1024x1024.png 1024w, https:\/\/www.fundacioared.org\/wp-content\/uploads\/4-1-150x150.png 150w, https:\/\/www.fundacioared.org\/wp-content\/uploads\/4-1-768x768.png 768w, https:\/\/www.fundacioared.org\/wp-content\/uploads\/4-1-600x600.png 600w, https:\/\/www.fundacioared.org\/wp-content\/uploads\/4-1-340x340.png 340w, https:\/\/www.fundacioared.org\/wp-content\/uploads\/4-1-140x140.png 140w\" sizes=\"auto, (max-width: 1080px) 100vw, 1080px\" \/><\/figure>\n\n\n\n<p class=\"has-text-align-center is-style-com_titular_5 has-taronja-ared-color has-text-color has-link-color wp-elements-b8aaab7269552c5712717499496483cf\">Reportaje <strong>Fotogr\u00e1fico<\/strong><\/p>\n\n\n\n<p class=\"has-text-align-center is-style-default has-gris-ared-color has-text-color has-link-color has-medium-font-size wp-elements-e3b3cfd349af0c6b7fc0d364c35331a3\">Accede <a href=\"https:\/\/drive.google.com\/drive\/folders\/1BeArqoaO-LMplaoLu6bLquR0kS3YGgxo?usp=sharing\" target=\"_blank\" rel=\"noreferrer noopener\">aqu\u00ed<\/a> a las fotos de la jornada<\/p>\n<\/div>\n\n\n\n<div class=\"wp-block-column is-layout-flow wp-block-column-is-layout-flow\">\n<figure class=\"wp-block-image aligncenter size-full is-resized\"><img loading=\"lazy\" decoding=\"async\" width=\"1080\" height=\"1080\" src=\"https:\/\/www.fundacioared.org\/wp-content\/uploads\/3-2.png\" alt=\"\" class=\"wp-image-5100\" style=\"width:80px;height:auto\" srcset=\"https:\/\/www.fundacioared.org\/wp-content\/uploads\/3-2.png 1080w, https:\/\/www.fundacioared.org\/wp-content\/uploads\/3-2-300x300.png 300w, https:\/\/www.fundacioared.org\/wp-content\/uploads\/3-2-1024x1024.png 1024w, https:\/\/www.fundacioared.org\/wp-content\/uploads\/3-2-150x150.png 150w, https:\/\/www.fundacioared.org\/wp-content\/uploads\/3-2-768x768.png 768w, https:\/\/www.fundacioared.org\/wp-content\/uploads\/3-2-600x600.png 600w, https:\/\/www.fundacioared.org\/wp-content\/uploads\/3-2-340x340.png 340w, https:\/\/www.fundacioared.org\/wp-content\/uploads\/3-2-140x140.png 140w\" sizes=\"auto, (max-width: 1080px) 100vw, 1080px\" \/><\/figure>\n\n\n\n<p class=\"has-text-align-center is-style-com_titular_5 has-taronja-ared-color has-text-color has-link-color wp-elements-31e0999b6c52dedc6c8ca45bc36396a1\"><strong>V\u00eddeo de la sesi\u00f3n<\/strong><\/p>\n\n\n\n<p class=\"has-text-align-center is-style-default has-gris-ared-color has-text-color has-link-color has-medium-font-size wp-elements-daaa9b3336138c6d4e5f123b41ac2ed8\">Revive <a href=\"https:\/\/www.youtube.com\/watch?v=JMslWd9qUlY&amp;t=68s\" target=\"_blank\" rel=\"noreferrer noopener\">aqu\u00ed<\/a> la sesi\u00f3n grabada <\/p>\n<\/div>\n\n\n\n<div class=\"wp-block-column is-layout-flow wp-block-column-is-layout-flow\">\n<figure class=\"wp-block-image aligncenter size-full is-resized\"><img loading=\"lazy\" decoding=\"async\" width=\"1080\" height=\"1080\" src=\"https:\/\/www.fundacioared.org\/wp-content\/uploads\/5-5.png\" alt=\"\" class=\"wp-image-5102\" style=\"width:80px;height:auto\" srcset=\"https:\/\/www.fundacioared.org\/wp-content\/uploads\/5-5.png 1080w, https:\/\/www.fundacioared.org\/wp-content\/uploads\/5-5-300x300.png 300w, https:\/\/www.fundacioared.org\/wp-content\/uploads\/5-5-1024x1024.png 1024w, https:\/\/www.fundacioared.org\/wp-content\/uploads\/5-5-150x150.png 150w, https:\/\/www.fundacioared.org\/wp-content\/uploads\/5-5-768x768.png 768w, https:\/\/www.fundacioared.org\/wp-content\/uploads\/5-5-600x600.png 600w, https:\/\/www.fundacioared.org\/wp-content\/uploads\/5-5-340x340.png 340w, https:\/\/www.fundacioared.org\/wp-content\/uploads\/5-5-140x140.png 140w\" sizes=\"auto, (max-width: 1080px) 100vw, 1080px\" \/><\/figure>\n\n\n\n<p class=\"has-text-align-center is-style-com_titular_5 has-taronja-ared-color has-text-color has-link-color wp-elements-d531012701aba6a7a858ae876682e02d\"><strong>Resumen Informe VSI<\/strong><\/p>\n\n\n\n<p class=\"has-text-align-center is-style-default has-gris-ared-color has-text-color has-link-color has-medium-font-size wp-elements-320ce21e47bc09f6ebc94021b8e64057\">Lee <a href=\"https:\/\/drive.google.com\/file\/d\/1tibTVGb-ADYXYiL1E75osUMj8ztwVsyZ\/view?usp=sharing\" target=\"_blank\" rel=\"noreferrer noopener\">aqu\u00ed<\/a> el resumen de los resultados<\/p>\n<\/div>\n<\/div>\n\n\n\n<div style=\"height:41px\" aria-hidden=\"true\" class=\"wp-block-spacer\"><\/div>\n\n\n\n<div class=\"wp-block-columns is-layout-flex wp-container-core-columns-is-layout-9d6595d7 wp-block-columns-is-layout-flex\">\n<div class=\"wp-block-column is-layout-flow wp-block-column-is-layout-flow\">\n<figure class=\"wp-block-image aligncenter size-large\"><img loading=\"lazy\" decoding=\"async\" width=\"1024\" height=\"724\" src=\"https:\/\/www.fundacioared.org\/wp-content\/uploads\/6-1-1024x724.jpg\" alt=\"\" class=\"wp-image-5089\" srcset=\"https:\/\/www.fundacioared.org\/wp-content\/uploads\/6-1-1024x724.jpg 1024w, https:\/\/www.fundacioared.org\/wp-content\/uploads\/6-1-300x212.jpg 300w, https:\/\/www.fundacioared.org\/wp-content\/uploads\/6-1-768x543.jpg 768w, https:\/\/www.fundacioared.org\/wp-content\/uploads\/6-1-1536x1086.jpg 1536w, https:\/\/www.fundacioared.org\/wp-content\/uploads\/6-1-340x240.jpg 340w, https:\/\/www.fundacioared.org\/wp-content\/uploads\/6-1-140x99.jpg 140w, https:\/\/www.fundacioared.org\/wp-content\/uploads\/6-1.jpg 2000w\" sizes=\"auto, (max-width: 1024px) 100vw, 1024px\" \/><figcaption class=\"wp-element-caption\"><strong>Judit Masc\u00f3<\/strong>, Presidenta de la Fundaci\u00f3 Ared; <strong>Silvia Ayuso<\/strong>, Directora de la C\u00e1tedra MANGO de RSC de ESCI-UPF; <strong>Salvador Busquets<\/strong>, Presidente C\u00e0ritas Catalunya; <strong>Sonia Fuertes<\/strong>, Comisionada de Acci\u00f3n Social del Ayuntamiento de Barcelona; <strong>Doris Casares<\/strong>, directora de Comunicaci\u00f3n y Asuntos Corporativos de MANGO; <strong>Ana Ruiz<\/strong>, Directora de la Fundaci\u00f3 Ared y <strong>Raquel Gil<\/strong>, Directora de Acci\u00f3n Social y Relaciones Institucionales de Fundaci\u00f3 Ared<\/figcaption><\/figure>\n<\/div>\n<\/div>\n","protected":false},"excerpt":{"rendered":"<p>Impacto y transparencia, nuestro compromiso Esta semana, en el marco de la jornada&#8230;<\/p>\n","protected":false},"author":1,"featured_media":5093,"comment_status":"closed","ping_status":"closed","sticky":false,"template":"","format":"standard","meta":{"_acf_changed":false,"footnotes":""},"categories":[7],"tags":[],"class_list":["post-5077","post","type-post","status-publish","format-standard","has-post-thumbnail","hentry","category-sin-categorizar"],"acf":[],"_links":{"self":[{"href":"https:\/\/www.fundacioared.org\/es\/wp-json\/wp\/v2\/posts\/5077","targetHints":{"allow":["GET"]}}],"collection":[{"href":"https:\/\/www.fundacioared.org\/es\/wp-json\/wp\/v2\/posts"}],"about":[{"href":"https:\/\/www.fundacioared.org\/es\/wp-json\/wp\/v2\/types\/post"}],"author":[{"embeddable":true,"href":"https:\/\/www.fundacioared.org\/es\/wp-json\/wp\/v2\/users\/1"}],"replies":[{"embeddable":true,"href":"https:\/\/www.fundacioared.org\/es\/wp-json\/wp\/v2\/comments?post=5077"}],"version-history":[{"count":14,"href":"https:\/\/www.fundacioared.org\/es\/wp-json\/wp\/v2\/posts\/5077\/revisions"}],"predecessor-version":[{"id":5130,"href":"https:\/\/www.fundacioared.org\/es\/wp-json\/wp\/v2\/posts\/5077\/revisions\/5130"}],"wp:featuredmedia":[{"embeddable":true,"href":"https:\/\/www.fundacioared.org\/es\/wp-json\/wp\/v2\/media\/5093"}],"wp:attachment":[{"href":"https:\/\/www.fundacioared.org\/es\/wp-json\/wp\/v2\/media?parent=5077"}],"wp:term":[{"taxonomy":"category","embeddable":true,"href":"https:\/\/www.fundacioared.org\/es\/wp-json\/wp\/v2\/categories?post=5077"},{"taxonomy":"post_tag","embeddable":true,"href":"https:\/\/www.fundacioared.org\/es\/wp-json\/wp\/v2\/tags?post=5077"}],"curies":[{"name":"wp","href":"https:\/\/api.w.org\/{rel}","templated":true}]}}