{"id":5155,"date":"2025-04-25T11:55:18","date_gmt":"2025-04-25T09:55:18","guid":{"rendered":"https:\/\/www.fundacioared.org\/5155\/"},"modified":"2025-04-25T12:07:39","modified_gmt":"2025-04-25T10:07:39","slug":"5155","status":"publish","type":"post","link":"https:\/\/www.fundacioared.org\/es\/5155\/","title":{"rendered":"La inversi\u00f3n social transforma vidas y multiplica valor"},"content":{"rendered":"\n<p class=\"has-text-align-center is-style-com_titular_3\"><strong><strong>La inversi\u00f3n social transforma vidas y multiplica valor<\/strong><\/strong><\/p>\n\n<div style=\"height:29px\" aria-hidden=\"true\" class=\"wp-block-spacer\"><\/div>\n\n<figure class=\"wp-block-gallery has-nested-images columns-default is-cropped wp-block-gallery-1 is-layout-flex wp-block-gallery-is-layout-flex\">\n<figure class=\"wp-block-image size-large\"><img loading=\"lazy\" decoding=\"async\" width=\"1024\" height=\"724\" data-id=\"5145\" src=\"https:\/\/www.fundacioared.org\/wp-content\/uploads\/COMUNICACION-INTERNA-14-1024x724.png\" alt=\"\" class=\"wp-image-5145\" srcset=\"https:\/\/www.fundacioared.org\/wp-content\/uploads\/COMUNICACION-INTERNA-14-1024x724.png 1024w, https:\/\/www.fundacioared.org\/wp-content\/uploads\/COMUNICACION-INTERNA-14-300x212.png 300w, https:\/\/www.fundacioared.org\/wp-content\/uploads\/COMUNICACION-INTERNA-14-768x543.png 768w, https:\/\/www.fundacioared.org\/wp-content\/uploads\/COMUNICACION-INTERNA-14-340x240.png 340w, https:\/\/www.fundacioared.org\/wp-content\/uploads\/COMUNICACION-INTERNA-14-140x99.png 140w, https:\/\/www.fundacioared.org\/wp-content\/uploads\/COMUNICACION-INTERNA-14.png 1250w\" sizes=\"auto, (max-width: 1024px) 100vw, 1024px\" \/><\/figure>\n\n\n\n<figure class=\"wp-block-image size-large\"><img loading=\"lazy\" decoding=\"async\" width=\"1024\" height=\"724\" data-id=\"5143\" src=\"https:\/\/www.fundacioared.org\/wp-content\/uploads\/COMUNICACION-INTERNA-13-1024x724.png\" alt=\"\" class=\"wp-image-5143\" srcset=\"https:\/\/www.fundacioared.org\/wp-content\/uploads\/COMUNICACION-INTERNA-13-1024x724.png 1024w, https:\/\/www.fundacioared.org\/wp-content\/uploads\/COMUNICACION-INTERNA-13-300x212.png 300w, https:\/\/www.fundacioared.org\/wp-content\/uploads\/COMUNICACION-INTERNA-13-768x543.png 768w, https:\/\/www.fundacioared.org\/wp-content\/uploads\/COMUNICACION-INTERNA-13-340x240.png 340w, https:\/\/www.fundacioared.org\/wp-content\/uploads\/COMUNICACION-INTERNA-13-140x99.png 140w, https:\/\/www.fundacioared.org\/wp-content\/uploads\/COMUNICACION-INTERNA-13.png 1250w\" sizes=\"auto, (max-width: 1024px) 100vw, 1024px\" \/><\/figure>\n<\/figure>\n\n<div style=\"height:27px\" aria-hidden=\"true\" class=\"wp-block-spacer\"><\/div>\n\n<p><\/p>\n\n<p>En un momento en que la responsabilidad social y la sostenibilidad ya no son opciones, sino estrategias imprescindibles, contar con organizaciones capaces de generar valor real -medible y tangible- es clave para construir el futuro. Porque ya no es suficiente con tener una misi\u00f3n claramente identificada o unos buenos proyectos: hay que demostrar con datos qu\u00e9 impacto real generamos en la sociedad. <\/p>\n\n<p>En la Fundaci\u00f3n Ared llevamos m\u00e1s de tres d\u00e9cadas acompa\u00f1ando a personas en situaci\u00f3n de vulnerabilidad -especialmente mujeres- hacia un futuro digno a trav\u00e9s de la formaci\u00f3n, el acompa\u00f1amiento y la inserci\u00f3n laboral. Pero nos hemos propuesto dar un paso m\u00e1s: <strong>medir con criterios objetivos el valor social que generamos, para compartirlo con transparencia con todos los agentes implicados.<\/strong> <\/p>\n\n<p>Con este prop\u00f3sito hemos aplicado la metodolog\u00eda del Valor Social Integrado (VSI), desarrollada por la C\u00e1tedra Mango de Responsabilidad Social Corporativa de ESCI-UPF. Esta herramienta nos permite cuantificar en euros no s\u00f3lo la actividad econ\u00f3mica directa, sino tambi\u00e9n todo aquel impacto que no aparece en los balances contables: el valor que aportamos a las personas, a las empresas colaboradoras ya las administraciones p\u00fablicas. <\/p>\n\n<p>Los resultados son claros: <strong>el Valor Social Integrado de la Fundaci\u00f3n Ared supera los<\/strong> <strong>10,8 millones de euros<\/strong> . Por cada euro que gestionamos, <strong>devolvemos 2,12 euros en valor social<\/strong> . Si lo vinculamos exclusivamente <strong>a la financiaci\u00f3n p\u00fablica recibida, la cifra asciende a 5,28 euros por euro invertido<\/strong> . Son datos que validan nuestro trabajo, pero tambi\u00e9n una herramienta que deber\u00eda servir para establecer alianzas m\u00e1s s\u00f3lidas, transparentes y estrat\u00e9gicas.   <\/p>\n\n<p>Este ejercicio de rendici\u00f3n de cuentas no es s\u00f3lo una muestra de responsabilidad: es una apuesta por el valor compartido. Cuando una empresa, entidad o administraci\u00f3n apuesta por la inclusi\u00f3n laboral, facilitar pr\u00e1cticas formativas, realizar acciones de Voluntariado, colaborar financiando algunos de los proyectos o confiar en la Fundaci\u00f3n Ared para desarrollar alg\u00fan programa, <strong>no s\u00f3lo contribuye a transformar vidas<\/strong> \u2014lo que ya es lo suficientemente valioso en s\u00ed mismo\u2014, sino que tambi\u00e9n est\u00e1 contribuyendo a <strong>generar un retorno tangible para el conjunto<\/strong> . <\/p>\n\n<p>Por eso, desde la Fundaci\u00f3n Ared queremos reforzar nuestro mensaje en el mundo empresarial, institucional y tambi\u00e9n en administraciones: <strong>hay que caminar juntos, con rigor, con objetivos comunes y con una clara voluntad de impacto.<\/strong> Medir el valor<\/p>\n\n<p>que generamos no es s\u00f3lo una cuesti\u00f3n interna, sino una herramienta para hacer crecer alianzas m\u00e1s s\u00f3lidas, duraderas y transformadoras.<\/p>\n\n<p>La Fundaci\u00f3n Ared es un claro ejemplo de c\u00f3mo el compromiso social que generamos puede traducirse en resultados extraordinarios, tanto para las personas como para la econom\u00eda y para el conjunto de la sociedad. El modelo demuestra que la inversi\u00f3n social no es s\u00f3lo \u00e9tica, sino rentable. <\/p>\n\n<div style=\"height:27px\" aria-hidden=\"true\" class=\"wp-block-spacer\"><\/div>\n\n<p class=\"is-style-com_titular_5\"><strong>\u00bfQu\u00e9 puede aprender el sector corporativo de la Fundaci\u00f3n Ared?<\/strong><\/p>\n\n<ul class=\"wp-block-list\">\n<li>Que la <strong>sostenibilidad<\/strong> no es s\u00f3lo ambiental, tambi\u00e9n <strong>es social y econ\u00f3mica<\/strong> .<\/li>\n\n\n\n<li>Que la inversi\u00f3n p\u00fablica y privada en inclusi\u00f3n genera <strong>retornos cuantificables<\/strong> , no s\u00f3lo reputacionales.<\/li>\n\n\n\n<li>Que los resultados m\u00e1s potentes surgen cuando las <strong>empresas<\/strong> se alian con entidades sociales para crear <strong>valor conjunto<\/strong> .<\/li>\n\n\n\n<li>Y que detr\u00e1s de cada cifra hay personas: <strong>mujeres<\/strong> que hoy tienen una <strong>ocupaci\u00f3n laboral<\/strong> , una <strong>red de apoyo<\/strong> y una <strong>vida digna<\/strong> .<\/li>\n<\/ul>\n\n<div style=\"height:27px\" aria-hidden=\"true\" class=\"wp-block-spacer\"><\/div>\n\n<p class=\"is-style-com_titular_4\"><strong>Prop\u00f3sito, transparencia y rentabilidad pueden ir de la mano:<\/strong><\/p>\n\n<p>El modelo de la Fundaci\u00f3n Ared nos invita a repensar c\u00f3mo medimos el \u00e9xito. No s\u00f3lo se trata de balances, sino del impacto en la vida de las personas, el retorno a la sociedad y la creaci\u00f3n de valor compartido. Y s\u00f3lo desde la transparencia, profesionalidad y voluntad de generar cambio real, podremos avanzar hacia una sociedad m\u00e1s justa y cohesionada.  <\/p>\n\n<div class=\"wp-block-group is-nowrap is-layout-flex wp-container-core-group-is-layout-ad2f72ca wp-block-group-is-layout-flex\">\n<p class=\"is-style-com_titular_5\"><strong>Invertir en lo social ya no es una opci\u00f3n filantr\u00f3pica. Es una estrategia inteligente. Y la Fundaci\u00f3n Ared lo demuestra con datos todos los a\u00f1os.  <\/strong><\/p>\n<\/div>\n\n<div style=\"height:62px\" aria-hidden=\"true\" class=\"wp-block-spacer\"><\/div>\n\n<div class=\"wp-block-media-text is-stacked-on-mobile\" style=\"grid-template-columns:15% auto\"><figure class=\"wp-block-media-text__media\"><img loading=\"lazy\" decoding=\"async\" width=\"300\" height=\"300\" src=\"https:\/\/www.fundacioared.org\/wp-content\/uploads\/Dones-Ared-67-300x300-1.png\" alt=\"\" class=\"wp-image-5149 size-full\" srcset=\"https:\/\/www.fundacioared.org\/wp-content\/uploads\/Dones-Ared-67-300x300-1.png 300w, https:\/\/www.fundacioared.org\/wp-content\/uploads\/Dones-Ared-67-300x300-1-150x150.png 150w, https:\/\/www.fundacioared.org\/wp-content\/uploads\/Dones-Ared-67-300x300-1-140x140.png 140w\" sizes=\"auto, (max-width: 300px) 100vw, 300px\" \/><\/figure><div class=\"wp-block-media-text__content\">\n<p class=\"is-style-com_titular_4\"><strong>Raquel Gil<\/strong><\/p>\n\n\n\n<p class=\"is-style-com_titular_5\">Directora de Relaciones Institucionales y Acci\u00f3n Social<\/p>\n\n\n\n<p class=\"has-gris-ared-color has-text-color has-link-color wp-elements-18c6c4da746d1bb7e4c41d73d1dba046\"><a href=\"mailto:Gil %C2% A0raquelgil@fundacioared.org\">raquelgil@fundacioared.org<\/a><\/p>\n<\/div><\/div>\n\n<p><\/p>\n","protected":false},"excerpt":{"rendered":"<p>En un momento en que la responsabilidad social y la sostenibilidad ya no son opciones, sino estrategias imprescindibles, contar con organizaciones capaces de generar valor real -medible y tangible- es clave para construir el futuro.  <\/p>\n","protected":false},"author":1,"featured_media":5144,"comment_status":"closed","ping_status":"closed","sticky":false,"template":"","format":"standard","meta":{"_acf_changed":false,"footnotes":""},"categories":[7],"tags":[],"class_list":["post-5155","post","type-post","status-publish","format-standard","has-post-thumbnail","hentry","category-sin-categorizar"],"acf":[],"_links":{"self":[{"href":"https:\/\/www.fundacioared.org\/es\/wp-json\/wp\/v2\/posts\/5155","targetHints":{"allow":["GET"]}}],"collection":[{"href":"https:\/\/www.fundacioared.org\/es\/wp-json\/wp\/v2\/posts"}],"about":[{"href":"https:\/\/www.fundacioared.org\/es\/wp-json\/wp\/v2\/types\/post"}],"author":[{"embeddable":true,"href":"https:\/\/www.fundacioared.org\/es\/wp-json\/wp\/v2\/users\/1"}],"replies":[{"embeddable":true,"href":"https:\/\/www.fundacioared.org\/es\/wp-json\/wp\/v2\/comments?post=5155"}],"version-history":[{"count":5,"href":"https:\/\/www.fundacioared.org\/es\/wp-json\/wp\/v2\/posts\/5155\/revisions"}],"predecessor-version":[{"id":5164,"href":"https:\/\/www.fundacioared.org\/es\/wp-json\/wp\/v2\/posts\/5155\/revisions\/5164"}],"wp:featuredmedia":[{"embeddable":true,"href":"https:\/\/www.fundacioared.org\/es\/wp-json\/wp\/v2\/media\/5144"}],"wp:attachment":[{"href":"https:\/\/www.fundacioared.org\/es\/wp-json\/wp\/v2\/media?parent=5155"}],"wp:term":[{"taxonomy":"category","embeddable":true,"href":"https:\/\/www.fundacioared.org\/es\/wp-json\/wp\/v2\/categories?post=5155"},{"taxonomy":"post_tag","embeddable":true,"href":"https:\/\/www.fundacioared.org\/es\/wp-json\/wp\/v2\/tags?post=5155"}],"curies":[{"name":"wp","href":"https:\/\/api.w.org\/{rel}","templated":true}]}}