{"id":5180,"date":"2025-04-25T15:07:42","date_gmt":"2025-04-25T13:07:42","guid":{"rendered":"https:\/\/www.fundacioared.org\/lo-que-no-se-ve-tambien-importa-vivir-con-fibromialgia-y-fatiga-cronica\/"},"modified":"2025-06-19T12:47:00","modified_gmt":"2025-06-19T10:47:00","slug":"lo-que-no-se-ve-tambien-importa-vivir-con-fibromialgia-y-fatiga-cronica","status":"publish","type":"post","link":"https:\/\/www.fundacioared.org\/es\/lo-que-no-se-ve-tambien-importa-vivir-con-fibromialgia-y-fatiga-cronica\/","title":{"rendered":"Lo que no se ve, tambi\u00e9n importa: vivir con fibromialgia y fatiga cr\u00f3nica"},"content":{"rendered":"\n<p class=\"has-text-align-center is-style-com_titular_3\"><strong><strong><strong>Lo que no se ve, tambi\u00e9n importa:  <\/strong><\/strong><\/strong><\/p>\n\n<p class=\"has-text-align-center is-style-com_titular_3\"><strong><strong><strong>vivir con fibromialgia y fatiga cr\u00f3nica<\/strong><\/strong><\/strong><\/p>\n\n<div style=\"height:28px\" aria-hidden=\"true\" class=\"wp-block-spacer\"><\/div>\n\n<figure class=\"wp-block-gallery has-nested-images columns-default is-cropped wp-block-gallery-1 is-layout-flex wp-block-gallery-is-layout-flex\">\n<figure class=\"wp-block-image size-large\"><img loading=\"lazy\" decoding=\"async\" width=\"1024\" height=\"724\" data-id=\"5168\" src=\"https:\/\/www.fundacioared.org\/wp-content\/uploads\/COMUNICACION-INTERNA-18-1024x724.png\" alt=\"\" class=\"wp-image-5168\" srcset=\"https:\/\/www.fundacioared.org\/wp-content\/uploads\/COMUNICACION-INTERNA-18-1024x724.png 1024w, https:\/\/www.fundacioared.org\/wp-content\/uploads\/COMUNICACION-INTERNA-18-300x212.png 300w, https:\/\/www.fundacioared.org\/wp-content\/uploads\/COMUNICACION-INTERNA-18-768x543.png 768w, https:\/\/www.fundacioared.org\/wp-content\/uploads\/COMUNICACION-INTERNA-18-340x240.png 340w, https:\/\/www.fundacioared.org\/wp-content\/uploads\/COMUNICACION-INTERNA-18-140x99.png 140w, https:\/\/www.fundacioared.org\/wp-content\/uploads\/COMUNICACION-INTERNA-18.png 1250w\" sizes=\"auto, (max-width: 1024px) 100vw, 1024px\" \/><\/figure>\n\n\n\n<figure class=\"wp-block-image size-large\"><img loading=\"lazy\" decoding=\"async\" width=\"1024\" height=\"724\" data-id=\"5166\" src=\"https:\/\/www.fundacioared.org\/wp-content\/uploads\/COMUNICACION-INTERNA-17-1024x724.png\" alt=\"\" class=\"wp-image-5166\" srcset=\"https:\/\/www.fundacioared.org\/wp-content\/uploads\/COMUNICACION-INTERNA-17-1024x724.png 1024w, https:\/\/www.fundacioared.org\/wp-content\/uploads\/COMUNICACION-INTERNA-17-300x212.png 300w, https:\/\/www.fundacioared.org\/wp-content\/uploads\/COMUNICACION-INTERNA-17-768x543.png 768w, https:\/\/www.fundacioared.org\/wp-content\/uploads\/COMUNICACION-INTERNA-17-340x240.png 340w, https:\/\/www.fundacioared.org\/wp-content\/uploads\/COMUNICACION-INTERNA-17-140x99.png 140w, https:\/\/www.fundacioared.org\/wp-content\/uploads\/COMUNICACION-INTERNA-17.png 1250w\" sizes=\"auto, (max-width: 1024px) 100vw, 1024px\" \/><\/figure>\n<\/figure>\n\n<div style=\"height:45px\" aria-hidden=\"true\" class=\"wp-block-spacer\"><\/div>\n\n<p>Hay dolores que no pueden medirse con ning\u00fan term\u00f3metro ni ver en ninguna prueba m\u00e9dica. Pero son reales. Persistentes. Invalidantes. Dolores que rompen rutinas, roban proyectos de futuro y desdibujan relaciones afentando para siempre a la vida personal y profesiona de la persona.    <\/p>\n\n<p>Hablamos de la <strong>fibromialgia<\/strong> y el <strong>s\u00edndrome de fatiga cr\u00f3nica<\/strong> , dos condiciones que afectan entre un 2% y un 5% de la poblaci\u00f3n, con una <strong>incidencia abrumadora en mujeres (hasta el 90%)<\/strong> .<\/p>\n\n<p>La Fibromialgia se caracteriza por un dolor m\u00fasculo-esquel\u00e9tico generalizado, alteraciones del sue\u00f1o, fatiga persistente, dificultades cognitivas (\u201cniebla mental\u201d), y una mayor sensibilidad al tacto, al ruido oa la luz entre otras comorbilidades. El S\u00edndrome de Fatiga Cr\u00f3nica, provoca un agotamiento extremo que no mejora con el descanso y empeora despu\u00e9s de cualquier esfuerzo f\u00edsico o mental, acompa\u00f1ado a menudo de mareos, alteraciones inmunol\u00f3gicas y problemas de concentraci\u00f3n. <\/p>\n\n<p>Pero, \u00bfqu\u00e9 ocurre cuando, adem\u00e1s del dolor, la mujer debe luchar por ser escuchada? \u00bfPor no ser juzgada? <\/p>\n\n<p class=\"is-style-com_titular_5\"><strong>El silencio que m\u00e1s duele no es f\u00edsico, es social<\/strong><\/p>\n\n<p>M\u00e1s all\u00e1 de los s\u00edntomas, muchas mujeres explican que lo peor es el <strong>sentimiento de no ser escuchadas<\/strong> : cuestionadas por profesionales sanitarios, incomprendidas en el trabajo, ignoradas por el entorno familiar. Este <strong>maltrato institucional y social<\/strong> , arraigado en una visi\u00f3n androc\u00e9ntrica de la medicina, agrava su sufrimiento y las a\u00edsla a\u00fan m\u00e1s. <\/p>\n\n<p>Esta <strong>invisibilidad tiene consecuencias<\/strong> : abandonos laborales forzados, roturas familiares, aislamiento social y una p\u00e9rdida profunda de la autoestima. Cuando la salud falla, pero tambi\u00e9n te cuestionan, \u00bfd\u00f3nde queda la energ\u00eda por continuar? <\/p>\n\n<div style=\"height:35px\" aria-hidden=\"true\" class=\"wp-block-spacer\"><\/div>\n\n<div class=\"wp-block-media-text is-stacked-on-mobile\"><figure class=\"wp-block-media-text__media\"><img loading=\"lazy\" decoding=\"async\" width=\"600\" height=\"600\" src=\"https:\/\/www.fundacioared.org\/wp-content\/uploads\/2_Programas-dInsercio.jpg\" alt=\"\" class=\"wp-image-2565 size-full\" srcset=\"https:\/\/www.fundacioared.org\/wp-content\/uploads\/2_Programas-dInsercio.jpg 600w, https:\/\/www.fundacioared.org\/wp-content\/uploads\/2_Programas-dInsercio-300x300.jpg 300w, https:\/\/www.fundacioared.org\/wp-content\/uploads\/2_Programas-dInsercio-150x150.jpg 150w, https:\/\/www.fundacioared.org\/wp-content\/uploads\/2_Programas-dInsercio-340x340.jpg 340w, https:\/\/www.fundacioared.org\/wp-content\/uploads\/2_Programas-dInsercio-140x140.jpg 140w\" sizes=\"auto, (max-width: 600px) 100vw, 600px\" \/><\/figure><div class=\"wp-block-media-text__content\">\n<p class=\"is-style-com_titular_4\"><strong>Hagamos Camino: cuando el soporte se transforma en fuerza<\/strong><\/p>\n\n\n\n<p>Ante esta realidad, la <strong>Fundaci\u00f3n Ared<\/strong> , fiel a su misi\u00f3n de <strong>promover la autonom\u00eda de las mujeres en situaci\u00f3n de alta vulnerabilidad<\/strong> , no pod\u00eda permanecer impasible. Hace siete a\u00f1os, nace <strong><a href=\"https:\/\/www.fundacioared.org\/es\/mujer-salud\/\" target=\"_blank\" rel=\"noreferrer noopener\">FEM CAMINO<\/a><\/strong> , un programa de acompa\u00f1amiento integral para mujeres diagnosticadas con FM y\/o SFC (grados 1 y 2), desde una mirada de <strong>justicia social, equidad y g\u00e9nero<\/strong> . <\/p>\n\n\n\n<p>FEM CAMINO no es s\u00f3lo inserci\u00f3n laboral. Es reconstrucci\u00f3n personal. <br\/>Es un espacio seguro para compartir, crecer y empoderarse, cuyo impacto llega tambi\u00e9n a las hijas, a los hijos, a las parejas y familiares de estas mujeres, generando un efecto multiplicador en la comunidad.<\/p>\n\n\n\n<p>Es volver a creer en una misma. Es formarse sin presi\u00f3n, encontrar espacios de comprensi\u00f3n mutua, compartir estrategias de vida y, s\u00ed, tambi\u00e9n volver a conectar con el mundo laboral\u2026 pero desde la realidad de cada mujer y construyendo caminos laborales adaptados a cada una. <\/p>\n\n\n\n<p>A trav\u00e9s de este programa, <strong>cientos de mujeres han recuperado el tim\u00f3n de sus vidas<\/strong> , transformando sus vidas, no exentas de dificultades, pero llenas de dignidad y esperanza.<\/p>\n\n\n\n<p>Porque en la Fundaci\u00f3n Ared  <strong>creemos que ninguna mujer deber\u00eda luchar sola contra el dolor, la culpa y la invisibilidad. Por eso, seguimos caminando a su lado <\/strong>.<\/p>\n\n\n\n<p><a href=\"https:\/\/www.fundacioared.org\/es\/mujer-salud\/\" target=\"_blank\" rel=\"noreferrer noopener\">M\u00e1s informaci\u00f3n aqu\u00ed<\/a><\/p>\n<\/div><\/div>\n\n<div style=\"height:53px\" aria-hidden=\"true\" class=\"wp-block-spacer\"><\/div>\n\n<div class=\"wp-block-media-text is-stacked-on-mobile\" style=\"grid-template-columns:15% auto\"><figure class=\"wp-block-media-text__media\"><img loading=\"lazy\" decoding=\"async\" width=\"677\" height=\"667\" src=\"https:\/\/www.fundacioared.org\/wp-content\/uploads\/blog.jpeg\" alt=\"\" class=\"wp-image-5260 size-full\" srcset=\"https:\/\/www.fundacioared.org\/wp-content\/uploads\/blog.jpeg 677w, https:\/\/www.fundacioared.org\/wp-content\/uploads\/blog-300x296.jpeg 300w, https:\/\/www.fundacioared.org\/wp-content\/uploads\/blog-340x335.jpeg 340w, https:\/\/www.fundacioared.org\/wp-content\/uploads\/blog-140x138.jpeg 140w\" sizes=\"auto, (max-width: 677px) 100vw, 677px\" \/><\/figure><div class=\"wp-block-media-text__content\">\n<p class=\"is-style-com_titular_4\"><strong>Marta Jornet<\/strong><\/p>\n\n\n\n<p class=\"is-style-com_titular_5\">Referente de Bienestar Emocional y Autoconocimiento &#8211; Fundaci\u00f3n Ared<\/p>\n<\/div><\/div>\n","protected":false},"excerpt":{"rendered":"<p>Lo que no se ve, tambi\u00e9n importa: vivir con fibromialgia y fatiga cr\u00f3nica&#8230;<\/p>\n","protected":false},"author":1,"featured_media":5169,"comment_status":"closed","ping_status":"closed","sticky":false,"template":"","format":"standard","meta":{"_acf_changed":false,"footnotes":""},"categories":[7],"tags":[],"class_list":["post-5180","post","type-post","status-publish","format-standard","has-post-thumbnail","hentry","category-sin-categorizar"],"acf":[],"_links":{"self":[{"href":"https:\/\/www.fundacioared.org\/es\/wp-json\/wp\/v2\/posts\/5180","targetHints":{"allow":["GET"]}}],"collection":[{"href":"https:\/\/www.fundacioared.org\/es\/wp-json\/wp\/v2\/posts"}],"about":[{"href":"https:\/\/www.fundacioared.org\/es\/wp-json\/wp\/v2\/types\/post"}],"author":[{"embeddable":true,"href":"https:\/\/www.fundacioared.org\/es\/wp-json\/wp\/v2\/users\/1"}],"replies":[{"embeddable":true,"href":"https:\/\/www.fundacioared.org\/es\/wp-json\/wp\/v2\/comments?post=5180"}],"version-history":[{"count":5,"href":"https:\/\/www.fundacioared.org\/es\/wp-json\/wp\/v2\/posts\/5180\/revisions"}],"predecessor-version":[{"id":5265,"href":"https:\/\/www.fundacioared.org\/es\/wp-json\/wp\/v2\/posts\/5180\/revisions\/5265"}],"wp:featuredmedia":[{"embeddable":true,"href":"https:\/\/www.fundacioared.org\/es\/wp-json\/wp\/v2\/media\/5169"}],"wp:attachment":[{"href":"https:\/\/www.fundacioared.org\/es\/wp-json\/wp\/v2\/media?parent=5180"}],"wp:term":[{"taxonomy":"category","embeddable":true,"href":"https:\/\/www.fundacioared.org\/es\/wp-json\/wp\/v2\/categories?post=5180"},{"taxonomy":"post_tag","embeddable":true,"href":"https:\/\/www.fundacioared.org\/es\/wp-json\/wp\/v2\/tags?post=5180"}],"curies":[{"name":"wp","href":"https:\/\/api.w.org\/{rel}","templated":true}]}}