{"id":6010,"date":"2026-02-18T09:41:22","date_gmt":"2026-02-18T08:41:22","guid":{"rendered":"https:\/\/www.fundacioared.org\/la-intermediacion-laboral-una-funcion-clave-para-una-insercion-sociolaboral-efectiva\/"},"modified":"2026-02-18T13:06:40","modified_gmt":"2026-02-18T12:06:40","slug":"la-intermediacion-laboral-una-funcion-clave-para-una-insercion-sociolaboral-efectiva","status":"publish","type":"post","link":"https:\/\/www.fundacioared.org\/es\/la-intermediacion-laboral-una-funcion-clave-para-una-insercion-sociolaboral-efectiva\/","title":{"rendered":"La intermediaci\u00f3n laboral: una funci\u00f3n clave para una inserci\u00f3n sociolaboral efectiva"},"content":{"rendered":"\n<p class=\"has-text-align-center is-style-com_titular_3\"><strong><strong><strong>La intermediaci\u00f3n laboral:<\/strong><\/strong><\/strong><br\/> <strong><strong><strong>clave para una inserci\u00f3n sociolaboral efectiva<\/strong><\/strong><\/strong><\/p>\n\n<div style=\"height:28px\" aria-hidden=\"true\" class=\"wp-block-spacer\"><\/div>\n\n<figure class=\"wp-block-gallery has-nested-images columns-default is-cropped wp-block-gallery-1 is-layout-flex wp-block-gallery-is-layout-flex\">\n<figure class=\"wp-block-image size-large\"><img loading=\"lazy\" decoding=\"async\" width=\"1024\" height=\"724\" data-id=\"5991\" src=\"https:\/\/www.fundacioared.org\/wp-content\/uploads\/Espanol-socio-1-1024x724.jpg\" alt=\"\" class=\"wp-image-5991\" srcset=\"https:\/\/www.fundacioared.org\/wp-content\/uploads\/Espanol-socio-1-1024x724.jpg 1024w, https:\/\/www.fundacioared.org\/wp-content\/uploads\/Espanol-socio-1-300x212.jpg 300w, https:\/\/www.fundacioared.org\/wp-content\/uploads\/Espanol-socio-1-768x543.jpg 768w, https:\/\/www.fundacioared.org\/wp-content\/uploads\/Espanol-socio-1-340x240.jpg 340w, https:\/\/www.fundacioared.org\/wp-content\/uploads\/Espanol-socio-1-140x99.jpg 140w, https:\/\/www.fundacioared.org\/wp-content\/uploads\/Espanol-socio-1.jpg 1500w\" sizes=\"auto, (max-width: 1024px) 100vw, 1024px\" \/><\/figure>\n\n\n\n<figure class=\"wp-block-image size-large\"><img loading=\"lazy\" decoding=\"async\" width=\"1024\" height=\"724\" data-id=\"5993\" src=\"https:\/\/www.fundacioared.org\/wp-content\/uploads\/Espanol-socio-2-1024x724.jpg\" alt=\"\" class=\"wp-image-5993\" srcset=\"https:\/\/www.fundacioared.org\/wp-content\/uploads\/Espanol-socio-2-1024x724.jpg 1024w, https:\/\/www.fundacioared.org\/wp-content\/uploads\/Espanol-socio-2-300x212.jpg 300w, https:\/\/www.fundacioared.org\/wp-content\/uploads\/Espanol-socio-2-768x543.jpg 768w, https:\/\/www.fundacioared.org\/wp-content\/uploads\/Espanol-socio-2-340x240.jpg 340w, https:\/\/www.fundacioared.org\/wp-content\/uploads\/Espanol-socio-2-140x99.jpg 140w, https:\/\/www.fundacioared.org\/wp-content\/uploads\/Espanol-socio-2.jpg 1500w\" sizes=\"auto, (max-width: 1024px) 100vw, 1024px\" \/><\/figure>\n<\/figure>\n\n<div style=\"height:45px\" aria-hidden=\"true\" class=\"wp-block-spacer\"><\/div>\n\n<p>En la <strong>Fundaci\u00f3n Ared<\/strong> partimos de una clara convicci\u00f3n: el trabajo es uno de los principales mecanismos para salir de situaciones de pobreza y exclusi\u00f3n social. Sin embargo, la experiencia nos demuestra que acceder a un trabajo no garantiza, por s\u00ed solo, una inserci\u00f3n real y sostenible. <\/p>\n\n<p><strong>Cuando no existe una adecuada intermediaci\u00f3n laboral, los resultados suelen ser inserciones fr\u00e1giles<\/strong> , contrataciones de corta duraci\u00f3n, elevada rotaci\u00f3n, frustraci\u00f3n tanto por parte de las empresas como de las personas participantes. Estas situaciones no s\u00f3lo limitan el impacto social sino que pueden reforzar sentimientos de fracaso y desconexi\u00f3n con el mercado laboral. <\/p>\n\n<p>Por este motivo, <strong>la intermediaci\u00f3n laboral es una pieza central en cualquier modelo de inserci\u00f3n que desee generar transformaci\u00f3n real<\/strong> .<\/p>\n\n<div style=\"height:35px\" aria-hidden=\"true\" class=\"wp-block-spacer\"><\/div>\n\n<div class=\"wp-block-media-text is-stacked-on-mobile\"><figure class=\"wp-block-media-text__media\"><img loading=\"lazy\" decoding=\"async\" width=\"1024\" height=\"767\" src=\"https:\/\/www.fundacioared.org\/wp-content\/uploads\/IMG_8880-1024x767.jpg\" alt=\"\" class=\"wp-image-6018 size-full\" srcset=\"https:\/\/www.fundacioared.org\/wp-content\/uploads\/IMG_8880-1024x767.jpg 1024w, https:\/\/www.fundacioared.org\/wp-content\/uploads\/IMG_8880-300x225.jpg 300w, https:\/\/www.fundacioared.org\/wp-content\/uploads\/IMG_8880-768x575.jpg 768w, https:\/\/www.fundacioared.org\/wp-content\/uploads\/IMG_8880-340x255.jpg 340w, https:\/\/www.fundacioared.org\/wp-content\/uploads\/IMG_8880-140x105.jpg 140w, https:\/\/www.fundacioared.org\/wp-content\/uploads\/IMG_8880.jpg 1200w\" sizes=\"auto, (max-width: 1024px) 100vw, 1024px\" \/><\/figure><div class=\"wp-block-media-text__content\">\n<p class=\"is-style-com_titular_4\"><strong>M\u00e1s all\u00e1 del env\u00edo de curr\u00edculums<\/strong><\/p>\n\n\n\n<p>La intermediaci\u00f3n laboral no consiste en realizar un simple traspaso de curr\u00edculos. Se trata de una <strong>actividad estrat\u00e9gica que requiere rigor, conocimiento y una mirada global<\/strong> del proceso. <\/p>\n\n\n\n<p>Intermediar significa <strong>ajustar de forma esmerada las necesidades reales del mercado de trabajo con los perfiles<\/strong> , competencias y momento vital de las personas. Implica conocer en profundidad el tejido empresarial, analizar los puestos de trabajo y comprender las din\u00e1micas internas de las organizaciones. Y, al mismo tiempo, acompa\u00f1ar a las personas teniendo en cuenta sus trayectorias personales y profesionales.  <\/p>\n\n\n\n<p>S\u00f3lo desde ese equilibrio es posible generar inserciones con sentido y recorrido.<\/p>\n<\/div><\/div>\n\n<div class=\"wp-block-media-text has-media-on-the-right is-stacked-on-mobile\"><div class=\"wp-block-media-text__content\">\n<p class=\"is-style-com_titular_4\"><strong><strong>\u00bfQu\u00e9 funciona &#8211; y qu\u00e9 no- en los procesos de inserci\u00f3n<\/strong><\/strong><\/p>\n\n\n\n<p>La experiencia acumulada en los procesos de inserci\u00f3n sociolaboral permite identificar con claridad qu\u00e9 elementos marcan la diferencia. Cuando la intermediaci\u00f3n laboral est\u00e1 presente desde el inicio del itinerario, se logran mejores encajes entre persona y empresa, una reducci\u00f3n significativa de la rotaci\u00f3n laboral y una mayor estabilidad en las contrataciones. <\/p>\n\n\n\n<p>Adem\u00e1s, <strong>el acompa\u00f1amiento posterior a la inserci\u00f3n es clave<\/strong> . Detectar dificultades a tiempo, reforzar competencias o mediar entre empresa y trabajadora cuando sea necesario, consolidar la relaci\u00f3n laboral en el tiempo.   <strong>La inserci\u00f3n no termina con la firma de un contrato; es un proceso que necesita seguimiento y cuidado.<\/strong><\/p>\n<\/div><figure class=\"wp-block-media-text__media\"><img loading=\"lazy\" decoding=\"async\" width=\"1024\" height=\"724\" src=\"https:\/\/www.fundacioared.org\/wp-content\/uploads\/Copia-de-Copia-de-FOAP-MODULOS-FORMATIVOS-1024x724.jpg\" alt=\"\" class=\"wp-image-6003 size-full\" srcset=\"https:\/\/www.fundacioared.org\/wp-content\/uploads\/Copia-de-Copia-de-FOAP-MODULOS-FORMATIVOS-1024x724.jpg 1024w, https:\/\/www.fundacioared.org\/wp-content\/uploads\/Copia-de-Copia-de-FOAP-MODULOS-FORMATIVOS-300x212.jpg 300w, https:\/\/www.fundacioared.org\/wp-content\/uploads\/Copia-de-Copia-de-FOAP-MODULOS-FORMATIVOS-768x543.jpg 768w, https:\/\/www.fundacioared.org\/wp-content\/uploads\/Copia-de-Copia-de-FOAP-MODULOS-FORMATIVOS-340x240.jpg 340w, https:\/\/www.fundacioared.org\/wp-content\/uploads\/Copia-de-Copia-de-FOAP-MODULOS-FORMATIVOS-140x99.jpg 140w, https:\/\/www.fundacioared.org\/wp-content\/uploads\/Copia-de-Copia-de-FOAP-MODULOS-FORMATIVOS.jpg 1500w\" sizes=\"auto, (max-width: 1024px) 100vw, 1024px\" \/><\/figure><\/div>\n\n<div class=\"wp-block-media-text is-stacked-on-mobile\"><figure class=\"wp-block-media-text__media\"><img loading=\"lazy\" decoding=\"async\" width=\"1024\" height=\"768\" src=\"https:\/\/www.fundacioared.org\/wp-content\/uploads\/IMG_8853-1024x768.jpg\" alt=\"\" class=\"wp-image-6014 size-full\" srcset=\"https:\/\/www.fundacioared.org\/wp-content\/uploads\/IMG_8853-1024x768.jpg 1024w, https:\/\/www.fundacioared.org\/wp-content\/uploads\/IMG_8853-300x225.jpg 300w, https:\/\/www.fundacioared.org\/wp-content\/uploads\/IMG_8853-768x576.jpg 768w, https:\/\/www.fundacioared.org\/wp-content\/uploads\/IMG_8853-340x255.jpg 340w, https:\/\/www.fundacioared.org\/wp-content\/uploads\/IMG_8853-140x105.jpg 140w, https:\/\/www.fundacioared.org\/wp-content\/uploads\/IMG_8853.jpg 1200w\" sizes=\"auto, (max-width: 1024px) 100vw, 1024px\" \/><\/figure><div class=\"wp-block-media-text__content\">\n<p class=\"is-style-com_titular_4\"><strong><strong><strong>Un eje transversal, no una acci\u00f3n puntual<\/strong><\/strong><\/strong><\/p>\n\n\n\n<p>En Ared entendemos la intermediaci\u00f3n laboral como un <strong>eje transversal que conecta todos los elementos del itinerario: la formaci\u00f3n, la orientaci\u00f3n laboral, la empresa y la persona<\/strong> . No es una acci\u00f3n puntual, sino un proceso continuo que acompa\u00f1a desde el inicio hasta la consolidaci\u00f3n laboral. <\/p>\n\n\n\n<p>Este enfoque aporta coherencia y continuidad en el itinerario de inserci\u00f3n y permite adaptar cada paso a la realidad cambiante de las personas y del mercado de trabajo.<\/p>\n<\/div><\/div>\n\n<div style=\"height:53px\" aria-hidden=\"true\" class=\"wp-block-spacer\"><\/div>\n\n<p class=\"has-text-align-center is-style-com_titular_3 has-taronja-ared-color has-text-color has-link-color wp-elements-582357ff6331a7de693c5ecbb75f91d6\"><strong>El modelo Ared: la intermediaci\u00f3n como valor diferencial<\/strong><\/p>\n\n<p>La intermediaci\u00f3n laboral es uno de los elementos diferenciales de la Fundaci\u00f3 Ared. Forma parte del proyecto desde el primer momento, en constante coordinaci\u00f3n con los equipos de orientaci\u00f3n y formaci\u00f3n, y con una relaci\u00f3n estable y de confianza con las empresas colaboradoras. <\/p>\n\n<p>Este modelo <strong>permite transformar oportunidades puntuales en trayectorias profesionales reales<\/strong> , poniendo a las personas en el centro y garantizando inserciones con sentido, calidad e impacto social. Entendida as\u00ed, la intermediaci\u00f3n no s\u00f3lo beneficia a las personas acompa\u00f1adas, sino tambi\u00e9n a las empresas y al conjunto de la sociedad.<\/p>\n\n<p>Porque <strong>cuando la intermediaci\u00f3n funciona, el trabajo<\/strong> deja de ser s\u00f3lo un trabajo y <strong>se convierte en una verdadera herramienta de inclusi\u00f3n<\/strong> .<\/p>\n\n<div style=\"height:46px\" aria-hidden=\"true\" class=\"wp-block-spacer\"><\/div>\n\n<div class=\"wp-block-media-text is-stacked-on-mobile\" style=\"grid-template-columns:15% auto\"><figure class=\"wp-block-media-text__media\"><img loading=\"lazy\" decoding=\"async\" width=\"1024\" height=\"1024\" src=\"https:\/\/www.fundacioared.org\/wp-content\/uploads\/Copia-de-Post-de-Instagram-Agente-de-Bienes-Raices-Verde-1024x1024.jpg\" alt=\"\" class=\"wp-image-5999 size-full\" srcset=\"https:\/\/www.fundacioared.org\/wp-content\/uploads\/Copia-de-Post-de-Instagram-Agente-de-Bienes-Raices-Verde-1024x1024.jpg 1024w, https:\/\/www.fundacioared.org\/wp-content\/uploads\/Copia-de-Post-de-Instagram-Agente-de-Bienes-Raices-Verde-300x300.jpg 300w, https:\/\/www.fundacioared.org\/wp-content\/uploads\/Copia-de-Post-de-Instagram-Agente-de-Bienes-Raices-Verde-150x150.jpg 150w, https:\/\/www.fundacioared.org\/wp-content\/uploads\/Copia-de-Post-de-Instagram-Agente-de-Bienes-Raices-Verde-768x768.jpg 768w, https:\/\/www.fundacioared.org\/wp-content\/uploads\/Copia-de-Post-de-Instagram-Agente-de-Bienes-Raices-Verde-600x600.jpg 600w, https:\/\/www.fundacioared.org\/wp-content\/uploads\/Copia-de-Post-de-Instagram-Agente-de-Bienes-Raices-Verde-340x340.jpg 340w, https:\/\/www.fundacioared.org\/wp-content\/uploads\/Copia-de-Post-de-Instagram-Agente-de-Bienes-Raices-Verde-140x140.jpg 140w, https:\/\/www.fundacioared.org\/wp-content\/uploads\/Copia-de-Post-de-Instagram-Agente-de-Bienes-Raices-Verde.jpg 1080w\" sizes=\"auto, (max-width: 1024px) 100vw, 1024px\" \/><\/figure><div class=\"wp-block-media-text__content\">\n<p class=\"is-style-com_titular_4\"><strong>Marc Torres<\/strong><\/p>\n\n\n\n<p class=\"is-style-com_titular_5\">T\u00e9cnico de intermediaci\u00f3n con empresas &#8211; Fundaci\u00f3 Ared<\/p>\n<\/div><\/div>\n","protected":false},"excerpt":{"rendered":"<p>En Ared entendemos la intermediaci\u00f3n laboral como un eje transversal que conecta todos los elementos del itinerario: la formaci\u00f3n, la orientaci\u00f3n laboral, la empresa y la persona. No es una acci\u00f3n puntual, sino un proceso continuo que acompa\u00f1a desde el inicio hasta la consolidaci\u00f3n laboral. <\/p>\n","protected":false},"author":1,"featured_media":6006,"comment_status":"closed","ping_status":"closed","sticky":false,"template":"","format":"standard","meta":{"_acf_changed":false,"footnotes":""},"categories":[7],"tags":[],"class_list":["post-6010","post","type-post","status-publish","format-standard","has-post-thumbnail","hentry","category-sin-categorizar"],"acf":[],"_links":{"self":[{"href":"https:\/\/www.fundacioared.org\/es\/wp-json\/wp\/v2\/posts\/6010","targetHints":{"allow":["GET"]}}],"collection":[{"href":"https:\/\/www.fundacioared.org\/es\/wp-json\/wp\/v2\/posts"}],"about":[{"href":"https:\/\/www.fundacioared.org\/es\/wp-json\/wp\/v2\/types\/post"}],"author":[{"embeddable":true,"href":"https:\/\/www.fundacioared.org\/es\/wp-json\/wp\/v2\/users\/1"}],"replies":[{"embeddable":true,"href":"https:\/\/www.fundacioared.org\/es\/wp-json\/wp\/v2\/comments?post=6010"}],"version-history":[{"count":2,"href":"https:\/\/www.fundacioared.org\/es\/wp-json\/wp\/v2\/posts\/6010\/revisions"}],"predecessor-version":[{"id":6021,"href":"https:\/\/www.fundacioared.org\/es\/wp-json\/wp\/v2\/posts\/6010\/revisions\/6021"}],"wp:featuredmedia":[{"embeddable":true,"href":"https:\/\/www.fundacioared.org\/es\/wp-json\/wp\/v2\/media\/6006"}],"wp:attachment":[{"href":"https:\/\/www.fundacioared.org\/es\/wp-json\/wp\/v2\/media?parent=6010"}],"wp:term":[{"taxonomy":"category","embeddable":true,"href":"https:\/\/www.fundacioared.org\/es\/wp-json\/wp\/v2\/categories?post=6010"},{"taxonomy":"post_tag","embeddable":true,"href":"https:\/\/www.fundacioared.org\/es\/wp-json\/wp\/v2\/tags?post=6010"}],"curies":[{"name":"wp","href":"https:\/\/api.w.org\/{rel}","templated":true}]}}